{"id":1252,"date":"2025-02-20T00:31:07","date_gmt":"2025-02-20T00:31:07","guid":{"rendered":"https:\/\/www.agriflores.com\/?p=1252"},"modified":"2025-08-30T03:52:17","modified_gmt":"2025-08-30T03:52:17","slug":"zona-bananera-territorio-sostenible","status":"publish","type":"post","link":"https:\/\/www.agriflores.com\/en\/zona-bananera-territorio-sostenible\/","title":{"rendered":"Zona Bananera Territorio Sostenible"},"content":{"rendered":"<div data-elementor-type=\"wp-post\" data-elementor-id=\"1252\" class=\"elementor elementor-1252\" data-elementor-post-type=\"post\">\n\t\t\t\t<div class=\"elementor-element elementor-element-1e40c51 e-flex e-con-boxed e-con e-parent\" data-id=\"1e40c51\" data-element_type=\"container\" data-e-type=\"container\">\n\t\t\t\t\t<div class=\"e-con-inner\">\n\t\t\t\t<div class=\"elementor-element elementor-element-0ffa85a elementor-widget elementor-widget-heading\" data-id=\"0ffa85a\" data-element_type=\"widget\" data-e-type=\"widget\" data-widget_type=\"heading.default\">\n\t\t\t\t<div class=\"elementor-widget-container\">\n\t\t\t\t\t<h2 class=\"elementor-heading-title elementor-size-default\">Zona Bananera Territorio Sostenible<\/h2>\t\t\t\t<\/div>\n\t\t\t\t<\/div>\n\t\t\t\t\t<\/div>\n\t\t\t\t<\/div>\n\t\t<div class=\"elementor-element elementor-element-54d6e17 e-flex e-con-boxed e-con e-parent\" data-id=\"54d6e17\" data-element_type=\"container\" data-e-type=\"container\">\n\t\t\t\t\t<div class=\"e-con-inner\">\n\t\t<div class=\"elementor-element elementor-element-d606a42 e-con-full e-flex e-con e-child\" data-id=\"d606a42\" data-element_type=\"container\" data-e-type=\"container\">\n\t\t\t\t<div class=\"elementor-element elementor-element-435ffc3 elementor-widget elementor-widget-text-editor\" data-id=\"435ffc3\" data-element_type=\"widget\" data-e-type=\"widget\" data-widget_type=\"text-editor.default\">\n\t\t\t\t<div class=\"elementor-widget-container\">\n\t\t\t\t\t\t\t\t\t<p>En el coraz\u00f3n de la Zona Bananera, un territorio conocido por su riqueza agr\u00edcola y su gente trabajadora, naci\u00f3 una <strong data-start=\"427\" data-end=\"473\">alianza que est\u00e1 transformando comunidades<\/strong>. Productores bananeros, <strong data-start=\"498\" data-end=\"512\">AGRIFLORES<\/strong> y <strong data-start=\"515\" data-end=\"533\">Fairtrade CLAC<\/strong> unieron esfuerzos para invertir en lo m\u00e1s valioso de la regi\u00f3n: la educaci\u00f3n.<\/p><h3 data-start=\"615\" data-end=\"659\">Un compromiso con la calidad educativa<\/h3><p data-start=\"660\" data-end=\"984\">Este proyecto busca <strong data-start=\"680\" data-end=\"723\">fortalecer la infraestructura educativa<\/strong> y ofrecer mejores condiciones a los estudiantes de la zona. En total, <strong data-start=\"794\" data-end=\"829\">cuatro instituciones educativas<\/strong> fueron beneficiadas, impactando de forma directa a <strong data-start=\"881\" data-end=\"906\">2.321 ni\u00f1os y j\u00f3venes<\/strong> que ahora cuentan con espacios m\u00e1s adecuados para aprender y desarrollarse.<\/p>\t\t\t\t\t\t\t\t<\/div>\n\t\t\t\t<\/div>\n\t\t\t\t<\/div>\n\t\t<div class=\"elementor-element elementor-element-827d5a0 e-con-full e-flex e-con e-child\" data-id=\"827d5a0\" data-element_type=\"container\" data-e-type=\"container\">\n\t\t\t\t<div class=\"elementor-element elementor-element-2964c40 elementor-widget elementor-widget-image\" data-id=\"2964c40\" data-element_type=\"widget\" data-e-type=\"widget\" data-widget_type=\"image.default\">\n\t\t\t\t<div class=\"elementor-widget-container\">\n\t\t\t\t\t\t\t\t\t\t\t\t\t\t\t<img fetchpriority=\"high\" decoding=\"async\" width=\"900\" height=\"600\" src=\"https:\/\/www.agriflores.com\/wp-content\/uploads\/2025\/08\/Foto1-Zona-Bananera-1024x683.jpg\" class=\"attachment-large size-large wp-image-1383\" alt=\"\" srcset=\"https:\/\/www.agriflores.com\/wp-content\/uploads\/2025\/08\/Foto1-Zona-Bananera-1024x683.jpg 1024w, https:\/\/www.agriflores.com\/wp-content\/uploads\/2025\/08\/Foto1-Zona-Bananera-300x200.jpg 300w, https:\/\/www.agriflores.com\/wp-content\/uploads\/2025\/08\/Foto1-Zona-Bananera-768x512.jpg 768w, https:\/\/www.agriflores.com\/wp-content\/uploads\/2025\/08\/Foto1-Zona-Bananera-18x12.jpg 18w, https:\/\/www.agriflores.com\/wp-content\/uploads\/2025\/08\/Foto1-Zona-Bananera.jpg 1080w\" sizes=\"(max-width: 900px) 100vw, 900px\" \/>\t\t\t\t\t\t\t\t\t\t\t\t\t\t\t<\/div>\n\t\t\t\t<\/div>\n\t\t\t\t<\/div>\n\t\t\t\t\t<\/div>\n\t\t\t\t<\/div>\n\t\t<div class=\"elementor-element elementor-element-a63b122 e-flex e-con-boxed e-con e-parent\" data-id=\"a63b122\" data-element_type=\"container\" data-e-type=\"container\">\n\t\t\t\t\t<div class=\"e-con-inner\">\n\t\t<div class=\"elementor-element elementor-element-58824f7 e-con-full e-flex e-con e-child\" data-id=\"58824f7\" data-element_type=\"container\" data-e-type=\"container\">\n\t\t\t\t<div class=\"elementor-element elementor-element-f481a68 elementor-widget elementor-widget-image\" data-id=\"f481a68\" data-element_type=\"widget\" data-e-type=\"widget\" data-widget_type=\"image.default\">\n\t\t\t\t<div class=\"elementor-widget-container\">\n\t\t\t\t\t\t\t\t\t\t\t\t\t\t\t<img decoding=\"async\" width=\"900\" height=\"600\" src=\"https:\/\/www.agriflores.com\/wp-content\/uploads\/2025\/08\/Foto2-Zona-Bananera-1024x683.jpg\" class=\"attachment-large size-large wp-image-1384\" alt=\"\" srcset=\"https:\/\/www.agriflores.com\/wp-content\/uploads\/2025\/08\/Foto2-Zona-Bananera-1024x683.jpg 1024w, https:\/\/www.agriflores.com\/wp-content\/uploads\/2025\/08\/Foto2-Zona-Bananera-300x200.jpg 300w, https:\/\/www.agriflores.com\/wp-content\/uploads\/2025\/08\/Foto2-Zona-Bananera-768x512.jpg 768w, https:\/\/www.agriflores.com\/wp-content\/uploads\/2025\/08\/Foto2-Zona-Bananera-18x12.jpg 18w, https:\/\/www.agriflores.com\/wp-content\/uploads\/2025\/08\/Foto2-Zona-Bananera.jpg 1080w\" sizes=\"(max-width: 900px) 100vw, 900px\" \/>\t\t\t\t\t\t\t\t\t\t\t\t\t\t\t<\/div>\n\t\t\t\t<\/div>\n\t\t\t\t<\/div>\n\t\t<div class=\"elementor-element elementor-element-848448f e-con-full e-flex e-con e-child\" data-id=\"848448f\" data-element_type=\"container\" data-e-type=\"container\">\n\t\t\t\t<div class=\"elementor-element elementor-element-5050976 elementor-widget elementor-widget-text-editor\" data-id=\"5050976\" data-element_type=\"widget\" data-e-type=\"widget\" data-widget_type=\"text-editor.default\">\n\t\t\t\t<div class=\"elementor-widget-container\">\n\t\t\t\t\t\t\t\t\t<h3 data-start=\"986\" data-end=\"1022\">Obras que marcan la diferencia<\/h3><p data-start=\"1023\" data-end=\"1116\">Las intervenciones realizadas abarcan diferentes necesidades y priorizan la sostenibilidad:<\/p><ul data-start=\"1118\" data-end=\"1764\"><li data-start=\"1118\" data-end=\"1389\"><p data-start=\"1120\" data-end=\"1389\"><strong data-start=\"1120\" data-end=\"1146\">Escenario eco-amigable<\/strong> con energ\u00eda solar y uso de materiales reciclados en la <strong data-start=\"1202\" data-end=\"1247\">I.E.D. Macondo, sede Jos\u00e9 Celestino Mutis<\/strong>. Un espacio pensado para actividades culturales, recreativas y educativas que conectan a la comunidad con la protecci\u00f3n del medio ambiente.<\/p><\/li><li data-start=\"1390\" data-end=\"1547\"><p data-start=\"1392\" data-end=\"1547\"><strong data-start=\"1392\" data-end=\"1425\">Mejoras en el comedor escolar<\/strong> de la <strong data-start=\"1432\" data-end=\"1473\">I.E.D. Macondo, sede Mar\u00eda Inmaculada<\/strong>, garantizando una alimentaci\u00f3n m\u00e1s digna y segura para los estudiantes.<\/p><\/li><li data-start=\"1548\" data-end=\"1764\"><p data-start=\"1550\" data-end=\"1764\"><strong data-start=\"1550\" data-end=\"1577\">Adecuaciones educativas<\/strong> en la <strong data-start=\"1584\" data-end=\"1617\">I.E.D. Armando Estrada Fl\u00f3rez<\/strong> y en la <strong data-start=\"1626\" data-end=\"1661\">I.E.D. Rodrigo Vives de Andre\u00eds<\/strong>, que incluyen espacios m\u00e1s c\u00f3modos, funcionales y adaptados a las necesidades actuales de ense\u00f1anza.<\/p><\/li><\/ul>\t\t\t\t\t\t\t\t<\/div>\n\t\t\t\t<\/div>\n\t\t\t\t<\/div>\n\t\t\t\t\t<\/div>\n\t\t\t\t<\/div>\n\t\t<div class=\"elementor-element elementor-element-93ed2b3 e-flex e-con-boxed e-con e-parent\" data-id=\"93ed2b3\" data-element_type=\"container\" data-e-type=\"container\">\n\t\t\t\t\t<div class=\"e-con-inner\">\n\t\t<div class=\"elementor-element elementor-element-f1167e6 e-con-full e-flex e-con e-child\" data-id=\"f1167e6\" data-element_type=\"container\" data-e-type=\"container\">\n\t\t\t\t<div class=\"elementor-element elementor-element-1252afe elementor-widget__width-initial elementor-widget elementor-widget-text-editor\" data-id=\"1252afe\" data-element_type=\"widget\" data-e-type=\"widget\" data-widget_type=\"text-editor.default\">\n\t\t\t\t<div class=\"elementor-widget-container\">\n\t\t\t\t\t\t\t\t\t<h3 data-start=\"1766\" data-end=\"1807\">Un impacto que trasciende las aulas<\/h3><p data-start=\"1808\" data-end=\"2127\">M\u00e1s all\u00e1 de la infraestructura, este proyecto fomenta valores como la <strong data-start=\"1878\" data-end=\"1950\">solidaridad, el compromiso social y el respeto por el medio ambiente<\/strong>. Cada mejora es una inversi\u00f3n en el futuro de los ni\u00f1os y j\u00f3venes, fortaleciendo su derecho a una educaci\u00f3n de calidad y creando entornos que inspiran confianza y motivaci\u00f3n.<\/p><p data-start=\"2129\" data-end=\"2376\"><strong data-start=\"2129\" data-end=\"2168\">Zona Bananera Territorio Sostenible<\/strong> demuestra que cuando el sector productivo, las comunidades y las organizaciones trabajan juntos, el impacto es profundo y duradero: <strong data-start=\"2301\" data-end=\"2373\">m\u00e1s oportunidades, m\u00e1s aprendizaje y m\u00e1s esperanza para el Magdalena<\/strong>.<\/p>\t\t\t\t\t\t\t\t<\/div>\n\t\t\t\t<\/div>\n\t\t\t\t<\/div>\n\t\t\t\t\t<\/div>\n\t\t\t\t<\/div>\n\t\t<div class=\"elementor-element elementor-element-703e0b2 e-flex e-con-boxed e-con e-parent\" data-id=\"703e0b2\" data-element_type=\"container\" data-e-type=\"container\">\n\t\t\t\t\t<div class=\"e-con-inner\">\n\t\t\t\t<div class=\"elementor-element elementor-element-1ab7b01 elementor-widget elementor-widget-spacer\" data-id=\"1ab7b01\" data-element_type=\"widget\" data-e-type=\"widget\" data-widget_type=\"spacer.default\">\n\t\t\t\t<div class=\"elementor-widget-container\">\n\t\t\t\t\t\t\t<div class=\"elementor-spacer\">\n\t\t\t<div class=\"elementor-spacer-inner\"><\/div>\n\t\t<\/div>\n\t\t\t\t\t\t<\/div>\n\t\t\t\t<\/div>\n\t\t\t\t\t<\/div>\n\t\t\t\t<\/div>\n\t\t<div class=\"elementor-element elementor-element-ffe85b4 e-flex e-con-boxed e-con e-parent\" data-id=\"ffe85b4\" data-element_type=\"container\" data-e-type=\"container\">\n\t\t\t\t\t<div class=\"e-con-inner\">\n\t\t<div class=\"elementor-element elementor-element-d7dc848 e-con-full e-flex e-con e-child\" data-id=\"d7dc848\" data-element_type=\"container\" data-e-type=\"container\">\n\t\t<div class=\"elementor-element elementor-element-490e03e e-con-full e-flex e-con e-child\" data-id=\"490e03e\" data-element_type=\"container\" data-e-type=\"container\">\n\t\t\t\t<\/div>\n\t\t<div class=\"elementor-element elementor-element-3810414 e-con-full e-flex e-con e-child\" data-id=\"3810414\" data-element_type=\"container\" data-e-type=\"container\">\n\t\t\t\t<div class=\"elementor-element elementor-element-2dbd6cb elementor-widget elementor-widget-image\" data-id=\"2dbd6cb\" data-element_type=\"widget\" data-e-type=\"widget\" data-widget_type=\"image.default\">\n\t\t\t\t<div class=\"elementor-widget-container\">\n\t\t\t\t\t\t\t\t\t\t\t\t\t\t\t<img decoding=\"async\" width=\"698\" height=\"180\" src=\"https:\/\/www.agriflores.com\/wp-content\/uploads\/2024\/04\/logo_AGICOLA_LAS_FLORES_.png\" class=\"attachment-large size-large wp-image-548\" alt=\"\" srcset=\"https:\/\/www.agriflores.com\/wp-content\/uploads\/2024\/04\/logo_AGICOLA_LAS_FLORES_.png 698w, https:\/\/www.agriflores.com\/wp-content\/uploads\/2024\/04\/logo_AGICOLA_LAS_FLORES_-300x77.png 300w\" sizes=\"(max-width: 698px) 100vw, 698px\" \/>\t\t\t\t\t\t\t\t\t\t\t\t\t\t\t<\/div>\n\t\t\t\t<\/div>\n\t\t\t\t<\/div>\n\t\t<div class=\"elementor-element elementor-element-8e541f3 e-con-full e-flex e-con e-child\" data-id=\"8e541f3\" data-element_type=\"container\" data-e-type=\"container\">\n\t\t\t\t<div class=\"elementor-element elementor-element-0b9d995 elementor-widget elementor-widget-image\" data-id=\"0b9d995\" data-element_type=\"widget\" data-e-type=\"widget\" data-widget_type=\"image.default\">\n\t\t\t\t<div class=\"elementor-widget-container\">\n\t\t\t\t\t\t\t\t\t\t\t\t\t\t\t<img loading=\"lazy\" decoding=\"async\" width=\"900\" height=\"506\" src=\"https:\/\/www.agriflores.com\/wp-content\/uploads\/2025\/08\/Logo-fondo-blanco-cmyk-JPG-1024x576.jpg\" class=\"attachment-large size-large wp-image-1345\" alt=\"\" srcset=\"https:\/\/www.agriflores.com\/wp-content\/uploads\/2025\/08\/Logo-fondo-blanco-cmyk-JPG-1024x576.jpg 1024w, https:\/\/www.agriflores.com\/wp-content\/uploads\/2025\/08\/Logo-fondo-blanco-cmyk-JPG-300x169.jpg 300w, https:\/\/www.agriflores.com\/wp-content\/uploads\/2025\/08\/Logo-fondo-blanco-cmyk-JPG-768x432.jpg 768w, https:\/\/www.agriflores.com\/wp-content\/uploads\/2025\/08\/Logo-fondo-blanco-cmyk-JPG-1536x864.jpg 1536w, https:\/\/www.agriflores.com\/wp-content\/uploads\/2025\/08\/Logo-fondo-blanco-cmyk-JPG-18x10.jpg 18w, https:\/\/www.agriflores.com\/wp-content\/uploads\/2025\/08\/Logo-fondo-blanco-cmyk-JPG.jpg 1920w\" sizes=\"(max-width: 900px) 100vw, 900px\" \/>\t\t\t\t\t\t\t\t\t\t\t\t\t\t\t<\/div>\n\t\t\t\t<\/div>\n\t\t\t\t<\/div>\n\t\t<div class=\"elementor-element elementor-element-f84614f e-con-full e-flex e-con e-child\" data-id=\"f84614f\" data-element_type=\"container\" data-e-type=\"container\">\n\t\t\t\t<\/div>\n\t\t\t\t<\/div>\n\t\t\t\t\t<\/div>\n\t\t\t\t<\/div>\n\t\t\t\t<\/div>","protected":false},"excerpt":{"rendered":"<p>Zona Bananera Territorio Sostenible En el coraz\u00f3n de la Zona Bananera, un territorio conocido por su riqueza agr\u00edcola y su gente trabajadora, naci\u00f3 una alianza que est\u00e1 transformando comunidades. Productores bananeros, AGRIFLORES y Fairtrade CLAC unieron esfuerzos para invertir en lo m\u00e1s valioso de la regi\u00f3n: la educaci\u00f3n. Un compromiso con la calidad educativa Este [&hellip;]<\/p>\n","protected":false},"author":1,"featured_media":1383,"comment_status":"open","ping_status":"open","sticky":false,"template":"elementor_canvas","format":"standard","meta":{"inline_featured_image":false,"footnotes":""},"categories":[21],"tags":[],"class_list":["post-1252","post","type-post","status-publish","format-standard","has-post-thumbnail","hentry","category-social"],"_links":{"self":[{"href":"https:\/\/www.agriflores.com\/en\/wp-json\/wp\/v2\/posts\/1252","targetHints":{"allow":["GET"]}}],"collection":[{"href":"https:\/\/www.agriflores.com\/en\/wp-json\/wp\/v2\/posts"}],"about":[{"href":"https:\/\/www.agriflores.com\/en\/wp-json\/wp\/v2\/types\/post"}],"author":[{"embeddable":true,"href":"https:\/\/www.agriflores.com\/en\/wp-json\/wp\/v2\/users\/1"}],"replies":[{"embeddable":true,"href":"https:\/\/www.agriflores.com\/en\/wp-json\/wp\/v2\/comments?post=1252"}],"version-history":[{"count":14,"href":"https:\/\/www.agriflores.com\/en\/wp-json\/wp\/v2\/posts\/1252\/revisions"}],"predecessor-version":[{"id":1460,"href":"https:\/\/www.agriflores.com\/en\/wp-json\/wp\/v2\/posts\/1252\/revisions\/1460"}],"wp:featuredmedia":[{"embeddable":true,"href":"https:\/\/www.agriflores.com\/en\/wp-json\/wp\/v2\/media\/1383"}],"wp:attachment":[{"href":"https:\/\/www.agriflores.com\/en\/wp-json\/wp\/v2\/media?parent=1252"}],"wp:term":[{"taxonomy":"category","embeddable":true,"href":"https:\/\/www.agriflores.com\/en\/wp-json\/wp\/v2\/categories?post=1252"},{"taxonomy":"post_tag","embeddable":true,"href":"https:\/\/www.agriflores.com\/en\/wp-json\/wp\/v2\/tags?post=1252"}],"curies":[{"name":"wp","href":"https:\/\/api.w.org\/{rel}","templated":true}]}}